{"id":25212,"date":"2021-05-26T15:42:56","date_gmt":"2021-05-26T13:42:56","guid":{"rendered":"https:\/\/dacarcomercial.com\/serre-tete-avec-drm-maximiser-le-confort-minimiser-les-efforts\/"},"modified":"2021-11-09T08:34:59","modified_gmt":"2021-11-09T07:34:59","slug":"serre-tete-avec-drm-maximiser-le-confort-minimiser-les-efforts","status":"publish","type":"post","link":"https:\/\/dacarcomercial.com\/fr\/serre-tete-avec-drm-maximiser-le-confort-minimiser-les-efforts\/","title":{"rendered":"Serre-t\u00eate avec DRM: maximiser le confort, minimiser les efforts"},"content":{"rendered":"\t\t<div data-elementor-type=\"wp-post\" data-elementor-id=\"25212\" class=\"elementor elementor-25212 elementor-25187\" data-elementor-post-type=\"post\">\n\t\t\t\t\t\t<section class=\"elementor-section elementor-top-section elementor-element elementor-element-2a8c6a5c elementor-section-boxed elementor-section-height-default elementor-section-height-default\" data-id=\"2a8c6a5c\" data-element_type=\"section\" data-e-type=\"section\" data-settings=\"{&quot;jet_parallax_layout_list&quot;:[{&quot;jet_parallax_layout_image&quot;:{&quot;url&quot;:&quot;&quot;,&quot;id&quot;:&quot;&quot;,&quot;size&quot;:&quot;&quot;},&quot;_id&quot;:&quot;cce3705&quot;,&quot;jet_parallax_layout_image_tablet&quot;:{&quot;url&quot;:&quot;&quot;,&quot;id&quot;:&quot;&quot;,&quot;size&quot;:&quot;&quot;},&quot;jet_parallax_layout_image_mobile&quot;:{&quot;url&quot;:&quot;&quot;,&quot;id&quot;:&quot;&quot;,&quot;size&quot;:&quot;&quot;},&quot;jet_parallax_layout_speed&quot;:{&quot;unit&quot;:&quot;%&quot;,&quot;size&quot;:50,&quot;sizes&quot;:[]},&quot;jet_parallax_layout_type&quot;:&quot;scroll&quot;,&quot;jet_parallax_layout_direction&quot;:&quot;1&quot;,&quot;jet_parallax_layout_fx_direction&quot;:null,&quot;jet_parallax_layout_z_index&quot;:&quot;&quot;,&quot;jet_parallax_layout_bg_x&quot;:50,&quot;jet_parallax_layout_bg_x_tablet&quot;:&quot;&quot;,&quot;jet_parallax_layout_bg_x_mobile&quot;:&quot;&quot;,&quot;jet_parallax_layout_bg_y&quot;:50,&quot;jet_parallax_layout_bg_y_tablet&quot;:&quot;&quot;,&quot;jet_parallax_layout_bg_y_mobile&quot;:&quot;&quot;,&quot;jet_parallax_layout_bg_size&quot;:&quot;auto&quot;,&quot;jet_parallax_layout_bg_size_tablet&quot;:&quot;&quot;,&quot;jet_parallax_layout_bg_size_mobile&quot;:&quot;&quot;,&quot;jet_parallax_layout_animation_prop&quot;:&quot;transform&quot;,&quot;jet_parallax_layout_on&quot;:[&quot;desktop&quot;,&quot;tablet&quot;]}]}\">\n\t\t\t\t\t\t<div class=\"elementor-container elementor-column-gap-default\">\n\t\t\t\t\t<div class=\"elementor-column elementor-col-100 elementor-top-column elementor-element elementor-element-4cba3d24\" data-id=\"4cba3d24\" data-element_type=\"column\" data-e-type=\"column\">\n\t\t\t<div class=\"elementor-widget-wrap elementor-element-populated\">\n\t\t\t\t\t\t<div class=\"elementor-element elementor-element-43aebbfc elementor-widget elementor-widget-text-editor\" data-id=\"43aebbfc\" data-element_type=\"widget\" data-e-type=\"widget\" data-widget_type=\"text-editor.default\">\n\t\t\t\t<div class=\"elementor-widget-container\">\n\t\t\t\t\t\t\t\t\t<p>Le\u00a0<strong><a href=\"https:\/\/dacarcomercial.com\/fr\/categorias-productos\/masques-de-soudure\/accessoires-et-rechanges\/\" target=\"_blank\" rel=\"noopener\">Dispositif R\u00e9partiteur de Masse<\/a><\/strong>\u00a0aussi appel\u00e9 <strong>DRM<\/strong> &#8211; a \u00e9t\u00e9 cr\u00e9\u00e9 en 2015 par Dacar Comercial pour att\u00e9nuer la tension au niveau de la nuque et du cou caus\u00e9e par le surpoids des masques de soudage. La fonction principale du DRM est de r\u00e9partir le poids du masque de soudage vers le centre de gravit\u00e9 de l&rsquo;op\u00e9rateur, minimisant ainsi la tension \u00e0 la nuque et au cou. <strong>Le DRM produit une sensation de poids moindre sur la t\u00eate de l&rsquo;op\u00e9rateur<\/strong>, ce qui augmente consid\u00e9rablement son confort tout au long de la journ\u00e9e de travail.<\/p><p><img fetchpriority=\"high\" decoding=\"async\" class=\"size-full wp-image-25181 aligncenter\" src=\"https:\/\/dacarcomercial.com\/wp-content\/uploads\/2021\/03\/drm-web.jpg\" alt=\"drm\" width=\"400\" height=\"340\" title=\"\"><\/p><p>Le serre-t\u00eate est \u00e9quip\u00e9, \u00e0 l&rsquo;avant, d&rsquo;un bandeau anti-sueur anti-allergique noir rembourr\u00e9 qui r\u00e9partit uniform\u00e9ment la pression sur le front. Sa fermeture velcro garantit une mise en place et un retrait faciles ainsi qu&rsquo;un excellent maintien. Le syst\u00e8me de rotation autobloquant avanc\u00e9 de la roue de r\u00e9glage vous permet de serrer ou de rel\u00e2cher la pression du serre-t\u00eate sans avoir \u00e0 enfoncer ou tirer la roue au pr\u00e9alable. Gr\u00e2ce \u00e0 la stabilit\u00e9 apport\u00e9e par le DRM, il n&rsquo;est pas n\u00e9cessaire d&rsquo;exercer une pression excessive sur la t\u00eate avec la roue de r\u00e9glage, ce qui contribue \u00e0 augmenter encore plus le confort d&rsquo;utilisation.<\/p><p>Le serre-t\u00eate avec DRM a <strong>\u00e9t\u00e9 cr\u00e9\u00e9 en 2015 par Dacar Comercial<\/strong> et est devenu un \u00e9l\u00e9ment essentiel du quotidien des soudeurs. Il est con\u00e7u pour s&rsquo;adapter \u00e0 tous les casques Dacar Comercial (<a href=\"https:\/\/dacarcomercial.com\/fr\/categorias-productos\/masques-de-soudure\/dc-1-2\/\" target=\"_blank\" rel=\"noopener\">DC-1<\/a>,<a href=\"https:\/\/dacarcomercial.com\/fr\/categorias-productos\/masques-de-soudure\/dc-2-2\/\" target=\"_blank\" rel=\"noopener\"> DC-2<\/a>,<a href=\"https:\/\/dacarcomercial.com\/producto\/careta-de-soldar-dc-3\/\" target=\"_blank\" rel=\"noopener\"> DC-3\u00a0<\/a>et\u00a0<a href=\"https:\/\/dacarcomercial.com\/fr\/producto\/masque-a-souder-dc-4-v958i-plus\/\" target=\"_blank\" rel=\"noopener\">DC-4<\/a>), y compris l&rsquo;\u00e9cran facial DC-GUARD.<\/p>\t\t\t\t\t\t\t\t<\/div>\n\t\t\t\t<\/div>\n\t\t\t\t\t<\/div>\n\t\t<\/div>\n\t\t\t\t\t<\/div>\n\t\t<\/section>\n\t\t\t\t<\/div>\n\t\t","protected":false},"excerpt":{"rendered":"<p>Le\u00a0Dispositif R\u00e9partiteur de Masse\u00a0aussi appel\u00e9 DRM &#8211; a \u00e9t\u00e9 cr\u00e9\u00e9 en 2015 par Dacar Comercial pour att\u00e9nuer la tension au niveau de la nuque et du cou caus\u00e9e par le surpoids des masques de soudage. La fonction principale du DRM est de r\u00e9partir le poids du masque de soudage vers le centre de gravit\u00e9 de [&hellip;]<\/p>\n","protected":false},"author":4,"featured_media":25193,"comment_status":"closed","ping_status":"closed","sticky":false,"template":"","format":"standard","meta":{"site-sidebar-layout":"default","site-content-layout":"default","ast-site-content-layout":"default","site-content-style":"default","site-sidebar-style":"default","ast-global-header-display":"","ast-banner-title-visibility":"","ast-main-header-display":"","ast-hfb-above-header-display":"","ast-hfb-below-header-display":"","ast-hfb-mobile-header-display":"","site-post-title":"","ast-breadcrumbs-content":"","ast-featured-img":"","footer-sml-layout":"","ast-disable-related-posts":"","theme-transparent-header-meta":"default","adv-header-id-meta":"","stick-header-meta":"default","header-above-stick-meta":"","header-main-stick-meta":"","header-below-stick-meta":"","astra-migrate-meta-layouts":"default","ast-page-background-enabled":"default","ast-page-background-meta":{"desktop":{"background-color":"","background-image":"","background-repeat":"repeat","background-position":"center center","background-size":"auto","background-attachment":"scroll","background-type":"","background-media":"","overlay-type":"","overlay-color":"","overlay-opacity":"","overlay-gradient":""},"tablet":{"background-color":"","background-image":"","background-repeat":"repeat","background-position":"center center","background-size":"auto","background-attachment":"scroll","background-type":"","background-media":"","overlay-type":"","overlay-color":"","overlay-opacity":"","overlay-gradient":""},"mobile":{"background-color":"","background-image":"","background-repeat":"repeat","background-position":"center center","background-size":"auto","background-attachment":"scroll","background-type":"","background-media":"","overlay-type":"","overlay-color":"","overlay-opacity":"","overlay-gradient":""}},"ast-content-background-meta":{"desktop":{"background-color":"var(--ast-global-color-5)","background-image":"","background-repeat":"repeat","background-position":"center center","background-size":"auto","background-attachment":"scroll","background-type":"","background-media":"","overlay-type":"","overlay-color":"","overlay-opacity":"","overlay-gradient":""},"tablet":{"background-color":"var(--ast-global-color-5)","background-image":"","background-repeat":"repeat","background-position":"center center","background-size":"auto","background-attachment":"scroll","background-type":"","background-media":"","overlay-type":"","overlay-color":"","overlay-opacity":"","overlay-gradient":""},"mobile":{"background-color":"var(--ast-global-color-5)","background-image":"","background-repeat":"repeat","background-position":"center center","background-size":"auto","background-attachment":"scroll","background-type":"","background-media":"","overlay-type":"","overlay-color":"","overlay-opacity":"","overlay-gradient":""}},"footnotes":""},"categories":[1240,1],"tags":[],"class_list":["post-25212","post","type-post","status-publish","format-standard","has-post-thumbnail","hentry","category-informations","category-noticias"],"_links":{"self":[{"href":"https:\/\/dacarcomercial.com\/fr\/wp-json\/wp\/v2\/posts\/25212","targetHints":{"allow":["GET"]}}],"collection":[{"href":"https:\/\/dacarcomercial.com\/fr\/wp-json\/wp\/v2\/posts"}],"about":[{"href":"https:\/\/dacarcomercial.com\/fr\/wp-json\/wp\/v2\/types\/post"}],"author":[{"embeddable":true,"href":"https:\/\/dacarcomercial.com\/fr\/wp-json\/wp\/v2\/users\/4"}],"replies":[{"embeddable":true,"href":"https:\/\/dacarcomercial.com\/fr\/wp-json\/wp\/v2\/comments?post=25212"}],"version-history":[{"count":0,"href":"https:\/\/dacarcomercial.com\/fr\/wp-json\/wp\/v2\/posts\/25212\/revisions"}],"wp:featuredmedia":[{"embeddable":true,"href":"https:\/\/dacarcomercial.com\/fr\/wp-json\/wp\/v2\/media\/25193"}],"wp:attachment":[{"href":"https:\/\/dacarcomercial.com\/fr\/wp-json\/wp\/v2\/media?parent=25212"}],"wp:term":[{"taxonomy":"category","embeddable":true,"href":"https:\/\/dacarcomercial.com\/fr\/wp-json\/wp\/v2\/categories?post=25212"},{"taxonomy":"post_tag","embeddable":true,"href":"https:\/\/dacarcomercial.com\/fr\/wp-json\/wp\/v2\/tags?post=25212"}],"curies":[{"name":"wp","href":"https:\/\/api.w.org\/{rel}","templated":true}]}}