{"id":55737,"date":"2026-04-24T09:39:50","date_gmt":"2026-04-24T07:39:50","guid":{"rendered":"https:\/\/dacarcomercial.com\/comment-etre-protege-a-100-contre-la-silicose\/"},"modified":"2026-04-24T09:39:53","modified_gmt":"2026-04-24T07:39:53","slug":"comment-etre-protege-a-100-contre-la-silicose","status":"publish","type":"post","link":"https:\/\/dacarcomercial.com\/fr\/comment-etre-protege-a-100-contre-la-silicose\/","title":{"rendered":"Comment \u00eatre prot\u00e9g\u00e9 \u00e0 100 % contre la silicose"},"content":{"rendered":"\t\t<div data-elementor-type=\"wp-post\" data-elementor-id=\"55737\" class=\"elementor elementor-55737 elementor-42258\" data-elementor-post-type=\"post\">\n\t\t\t\t\t\t<section class=\"elementor-section elementor-top-section elementor-element elementor-element-1576a78 elementor-section-stretched elementor-section-boxed elementor-section-height-default elementor-section-height-default\" data-id=\"1576a78\" data-element_type=\"section\" data-e-type=\"section\" data-settings=\"{&quot;jet_parallax_layout_list&quot;:[],&quot;stretch_section&quot;:&quot;section-stretched&quot;}\">\n\t\t\t\t\t\t<div class=\"elementor-container elementor-column-gap-no\">\n\t\t\t\t\t<div class=\"elementor-column elementor-col-100 elementor-top-column elementor-element elementor-element-e62927c\" data-id=\"e62927c\" data-element_type=\"column\" data-e-type=\"column\">\n\t\t\t<div class=\"elementor-widget-wrap elementor-element-populated\">\n\t\t\t\t\t\t<div class=\"elementor-element elementor-element-1551efc elementor-widget elementor-widget-heading\" data-id=\"1551efc\" data-element_type=\"widget\" data-e-type=\"widget\" data-widget_type=\"heading.default\">\n\t\t\t\t<div class=\"elementor-widget-container\">\n\t\t\t\t\t<h1 class=\"elementor-heading-title elementor-size-default\">Qu\u2019est-ce que la silicose?<\/h1>\t\t\t\t<\/div>\n\t\t\t\t<\/div>\n\t\t\t\t\t<\/div>\n\t\t<\/div>\n\t\t\t\t\t<\/div>\n\t\t<\/section>\n\t\t\t\t<section class=\"elementor-section elementor-top-section elementor-element elementor-element-b5e3c03 elementor-section-stretched elementor-section-boxed elementor-section-height-default elementor-section-height-default\" data-id=\"b5e3c03\" data-element_type=\"section\" data-e-type=\"section\" data-settings=\"{&quot;jet_parallax_layout_list&quot;:[],&quot;stretch_section&quot;:&quot;section-stretched&quot;}\">\n\t\t\t\t\t\t<div class=\"elementor-container elementor-column-gap-default\">\n\t\t\t\t\t<div class=\"elementor-column elementor-col-50 elementor-top-column elementor-element elementor-element-6a9a3ee\" data-id=\"6a9a3ee\" data-element_type=\"column\" data-e-type=\"column\">\n\t\t\t<div class=\"elementor-widget-wrap elementor-element-populated\">\n\t\t\t\t\t\t<div class=\"elementor-element elementor-element-b188e9c elementor-widget-mobile__width-initial elementor-widget elementor-widget-text-editor\" data-id=\"b188e9c\" data-element_type=\"widget\" data-e-type=\"widget\" data-widget_type=\"text-editor.default\">\n\t\t\t\t<div class=\"elementor-widget-container\">\n\t\t\t\t\t\t\t\t\t<p><strong>La silicose est une maladie incurable qui affecte les poumons des personnes qui inhalent des particules de silice cristalline<\/strong>. L\u2019exposition \u00e0 ce mat\u00e9riau est fr\u00e9quente dans de nombreux environnements de travail, notamment dans les secteurs de la construction, de l\u2019exploitation mini\u00e8re et de l\u2019industrie manufacturi\u00e8re. R\u00e9cemment, l\u2019affaire <a href=\"https:\/\/elpais.com\/economia\/2023-02-14\/el-caso-cosentino-a-pesar-de-la-mascarilla-salias-con-la-nariz-blanca-y-aliento-a-disolvente.html\" target=\"_blank\" rel=\"nofollow noopener\">Cosentino <\/a>a mis en \u00e9vidence l\u2019importance d\u2019une protection respiratoire adapt\u00e9e pour les travailleurs expos\u00e9s \u00e0 la silice cristalline, ainsi que la n\u00e9cessit\u00e9 de rendre obligatoire l\u2019utilisation de ces <a href=\"https:\/\/dacarcomercial.com\/fr\/categorias-productos\/protection-respiratoire\/\" target=\"_blank\" rel=\"noopener\">\u00e9quipements de protection individuelle <\/a>dans toutes les activit\u00e9s susceptibles d\u2019impliquer une exposition \u00e0 ce mat\u00e9riau.  <\/p>\t\t\t\t\t\t\t\t<\/div>\n\t\t\t\t<\/div>\n\t\t\t\t<div class=\"elementor-element elementor-element-81a4b7e elementor-widget elementor-widget-text-editor\" data-id=\"81a4b7e\" data-element_type=\"widget\" data-e-type=\"widget\" data-widget_type=\"text-editor.default\">\n\t\t\t\t<div class=\"elementor-widget-container\">\n\t\t\t\t\t\t\t\t\t<p><strong>La silicose<\/strong> se d\u00e9veloppe progressivement \u00e0 mesure que les particules de silice cristalline s\u2019accumulent dans les poumons, <strong>provoquant des l\u00e9sions cicatricielles et des dommages irr\u00e9versibles<\/strong>, avec une esp\u00e9rance de vie fortement r\u00e9duite. Les sympt\u00f4mes peuvent mettre des ann\u00e9es \u00e0 appara\u00eetre, ce qui signifie que de nombreux travailleurs peuvent \u00eatre expos\u00e9s \u00e0 la silice cristalline pendant longtemps avant d\u2019\u00eatre diagnostiqu\u00e9s. Ils incluent une toux chronique, des difficult\u00e9s respiratoires et de la fatigue, et la maladie peut \u00eatre mortelle dans les cas les plus graves.  <\/p>\t\t\t\t\t\t\t\t<\/div>\n\t\t\t\t<\/div>\n\t\t\t\t\t<\/div>\n\t\t<\/div>\n\t\t\t\t<div class=\"elementor-column elementor-col-50 elementor-top-column elementor-element elementor-element-6710b8f\" data-id=\"6710b8f\" data-element_type=\"column\" data-e-type=\"column\">\n\t\t\t<div class=\"elementor-widget-wrap elementor-element-populated\">\n\t\t\t\t\t\t<div class=\"elementor-element elementor-element-16e6d9b elementor-widget elementor-widget-image\" data-id=\"16e6d9b\" data-element_type=\"widget\" data-e-type=\"widget\" data-widget_type=\"image.default\">\n\t\t\t\t<div class=\"elementor-widget-container\">\n\t\t\t\t\t\t\t\t\t\t\t\t\t\t\t<img fetchpriority=\"high\" decoding=\"async\" width=\"1080\" height=\"1080\" src=\"https:\/\/dacarcomercial.com\/wp-content\/uploads\/2023\/03\/Diseno-sin-titulo-13.png\" class=\"attachment-large size-large wp-image-42317\" alt=\"\" srcset=\"https:\/\/dacarcomercial.com\/wp-content\/uploads\/2023\/03\/Diseno-sin-titulo-13.png 1080w, https:\/\/dacarcomercial.com\/wp-content\/uploads\/2023\/03\/Diseno-sin-titulo-13-150x150.png 150w, https:\/\/dacarcomercial.com\/wp-content\/uploads\/2023\/03\/Diseno-sin-titulo-13-768x768.png 768w, https:\/\/dacarcomercial.com\/wp-content\/uploads\/2023\/03\/Diseno-sin-titulo-13-600x600.png 600w, https:\/\/dacarcomercial.com\/wp-content\/uploads\/2023\/03\/Diseno-sin-titulo-13-100x100.png 100w\" sizes=\"(max-width: 1080px) 100vw, 1080px\" loading=\"eager\" title=\"\">\t\t\t\t\t\t\t\t\t\t\t\t\t\t\t<\/div>\n\t\t\t\t<\/div>\n\t\t\t\t\t<\/div>\n\t\t<\/div>\n\t\t\t\t\t<\/div>\n\t\t<\/section>\n\t\t\t\t<section class=\"elementor-section elementor-top-section elementor-element elementor-element-c25ac8d elementor-section-stretched elementor-section-boxed elementor-section-height-default elementor-section-height-default\" data-id=\"c25ac8d\" data-element_type=\"section\" data-e-type=\"section\" data-settings=\"{&quot;jet_parallax_layout_list&quot;:[],&quot;stretch_section&quot;:&quot;section-stretched&quot;}\">\n\t\t\t\t\t\t<div class=\"elementor-container elementor-column-gap-default\">\n\t\t\t\t\t<div class=\"elementor-column elementor-col-100 elementor-top-column elementor-element elementor-element-214928b\" data-id=\"214928b\" data-element_type=\"column\" data-e-type=\"column\">\n\t\t\t<div class=\"elementor-widget-wrap elementor-element-populated\">\n\t\t\t\t\t\t<div class=\"elementor-element elementor-element-40df06c elementor-widget elementor-widget-heading\" data-id=\"40df06c\" data-element_type=\"widget\" data-e-type=\"widget\" data-widget_type=\"heading.default\">\n\t\t\t\t<div class=\"elementor-widget-container\">\n\t\t\t\t\t<h2 class=\"elementor-heading-title elementor-size-default\">Comment pouvons-nous nous prot\u00e9ger de la silicose?<\/h2>\t\t\t\t<\/div>\n\t\t\t\t<\/div>\n\t\t\t\t\t<\/div>\n\t\t<\/div>\n\t\t\t\t\t<\/div>\n\t\t<\/section>\n\t\t\t\t<section class=\"elementor-section elementor-top-section elementor-element elementor-element-9bedf16 elementor-section-stretched elementor-section-boxed elementor-section-height-default elementor-section-height-default\" data-id=\"9bedf16\" data-element_type=\"section\" data-e-type=\"section\" data-settings=\"{&quot;jet_parallax_layout_list&quot;:[],&quot;stretch_section&quot;:&quot;section-stretched&quot;}\">\n\t\t\t\t\t\t<div class=\"elementor-container elementor-column-gap-default\">\n\t\t\t\t\t<div class=\"elementor-column elementor-col-100 elementor-top-column elementor-element elementor-element-d9bad5f\" data-id=\"d9bad5f\" data-element_type=\"column\" data-e-type=\"column\">\n\t\t\t<div class=\"elementor-widget-wrap elementor-element-populated\">\n\t\t\t\t\t\t<div class=\"elementor-element elementor-element-a82e4f8 elementor-widget elementor-widget-text-editor\" data-id=\"a82e4f8\" data-element_type=\"widget\" data-e-type=\"widget\" data-widget_type=\"text-editor.default\">\n\t\t\t\t<div class=\"elementor-widget-container\">\n\t\t\t\t\t\t\t\t\t<p>Compte tenu de la gravit\u00e9 du risque li\u00e9 \u00e0 l\u2019exposition \u00e0 la silice et des probl\u00e9matiques d\u2019ajustement des \u00e9quipements de protection respiratoire, la <strong>n\u00e9cessit\u00e9 d\u2019utiliser des <a href=\"https:\/\/dacarcomercial.com\/fr\/categorias-productos\/masques-de-soudage-avec-apport-dair\/cleanair-2\/\">\u00e9quipements \u00e0 pression positive appara\u00eet clairement<\/a><\/strong>. Autrement dit, des \u00e9quipements de protection respiratoire individuels capables d\u2019emp\u00eacher l\u2019air contamin\u00e9 de p\u00e9n\u00e9trer dans la zone bucco-nasale de l\u2019op\u00e9rateur, m\u00eame en cas de fuites vers l\u2019int\u00e9rieur. <\/p><p><strong>Seuls les \u00e9quipements assurant un apport d\u2019air filtr\u00e9 au niveau de la zone bucco-nasale peuvent emp\u00eacher la p\u00e9n\u00e9tration des contaminants. <\/strong><\/p>\t\t\t\t\t\t\t\t<\/div>\n\t\t\t\t<\/div>\n\t\t\t\t\t<\/div>\n\t\t<\/div>\n\t\t\t\t\t<\/div>\n\t\t<\/section>\n\t\t\t\t<section class=\"elementor-section elementor-top-section elementor-element elementor-element-8952a1c elementor-section-stretched elementor-section-boxed elementor-section-height-default elementor-section-height-default\" data-id=\"8952a1c\" data-element_type=\"section\" data-e-type=\"section\" data-settings=\"{&quot;jet_parallax_layout_list&quot;:[],&quot;stretch_section&quot;:&quot;section-stretched&quot;}\">\n\t\t\t\t\t\t<div class=\"elementor-container elementor-column-gap-default\">\n\t\t\t\t\t<div class=\"elementor-column elementor-col-100 elementor-top-column elementor-element elementor-element-0796fa2\" data-id=\"0796fa2\" data-element_type=\"column\" data-e-type=\"column\">\n\t\t\t<div class=\"elementor-widget-wrap elementor-element-populated\">\n\t\t\t\t\t\t<div class=\"elementor-element elementor-element-b31bcf7 elementor-widget elementor-widget-text-editor\" data-id=\"b31bcf7\" data-element_type=\"widget\" data-e-type=\"widget\" data-widget_type=\"text-editor.default\">\n\t\t\t\t<div class=\"elementor-widget-container\">\n\t\t\t\t\t\t\t\t\t<p>Par ailleurs, il existe d\u2019autres outils permettant de d\u00e9terminer le niveau de protection qu\u2019un \u00e9quipement de protection respiratoire peut offrir. L\u2019un d\u2019eux est le facteur de <strong>protection nominal (FPN).<\/strong> <\/p><p><strong>Le facteur de protection nominal (FPN) correspond au niveau de protection attendu des diff\u00e9rents types d\u2019\u00e9quipements de protection respiratoire<\/strong>. Autrement dit, il s\u2019agit du niveau de protection qu\u2019un utilisateur donn\u00e9 peut atteindre avec un EPI. Il se calcule en \u00e9tablissant le rapport entre la concentration d\u2019une substance dans l\u2019air ambiant et sa concentration \u00e0 l\u2019int\u00e9rieur de l\u2019\u00e9quipement, au niveau de la zone respiratoire de l\u2019utilisateur (FPN = concentration externe \/ concentration interne).  <\/p><p>Selon la norme applicable et sa classe, les facteurs de protection nominal suivants sont d\u00e9finis :<\/p>\t\t\t\t\t\t\t\t<\/div>\n\t\t\t\t<\/div>\n\t\t\t\t\t<\/div>\n\t\t<\/div>\n\t\t\t\t\t<\/div>\n\t\t<\/section>\n\t\t\t\t<section class=\"elementor-section elementor-top-section elementor-element elementor-element-835668a elementor-section-stretched elementor-section-boxed elementor-section-height-default elementor-section-height-default\" data-id=\"835668a\" data-element_type=\"section\" data-e-type=\"section\" data-settings=\"{&quot;jet_parallax_layout_list&quot;:[],&quot;stretch_section&quot;:&quot;section-stretched&quot;}\">\n\t\t\t\t\t\t<div class=\"elementor-container elementor-column-gap-default\">\n\t\t\t\t\t<div class=\"elementor-column elementor-col-50 elementor-top-column elementor-element elementor-element-b43f5e4\" data-id=\"b43f5e4\" data-element_type=\"column\" data-e-type=\"column\">\n\t\t\t<div class=\"elementor-widget-wrap elementor-element-populated\">\n\t\t\t\t\t\t<div class=\"elementor-element elementor-element-3dbe4ea elementor-widget elementor-widget-image\" data-id=\"3dbe4ea\" data-element_type=\"widget\" data-e-type=\"widget\" data-widget_type=\"image.default\">\n\t\t\t\t<div class=\"elementor-widget-container\">\n\t\t\t\t\t\t\t\t\t\t\t\t\t\t\t<img decoding=\"async\" width=\"595\" height=\"842\" src=\"https:\/\/dacarcomercial.com\/wp-content\/uploads\/2023\/03\/Tabla-4-Factores-de-proteccion-nominales-y-asignados-en-diferentes-paises.jpg\" class=\"attachment-large size-large wp-image-42403\" alt=\"Tabla 4 - Factores de protecci\u00f3n nominales y asignados en diferentes pa\u00edses\" loading=\"eager\" title=\"\">\t\t\t\t\t\t\t\t\t\t\t\t\t\t\t<\/div>\n\t\t\t\t<\/div>\n\t\t\t\t\t<\/div>\n\t\t<\/div>\n\t\t\t\t<div class=\"elementor-column elementor-col-50 elementor-top-column elementor-element elementor-element-d402caf\" data-id=\"d402caf\" data-element_type=\"column\" data-e-type=\"column\">\n\t\t\t<div class=\"elementor-widget-wrap elementor-element-populated\">\n\t\t\t\t\t\t<div class=\"elementor-element elementor-element-05c3ac0 elementor-widget elementor-widget-image\" data-id=\"05c3ac0\" data-element_type=\"widget\" data-e-type=\"widget\" data-widget_type=\"image.default\">\n\t\t\t\t<div class=\"elementor-widget-container\">\n\t\t\t\t\t\t\t\t\t\t\t\t\t\t\t<img decoding=\"async\" width=\"595\" height=\"842\" src=\"https:\/\/dacarcomercial.com\/wp-content\/uploads\/2023\/03\/Tabla-5-Factores-de-proteccion-nominales-y-asignados-en-diferentes-paises-1.jpg\" class=\"attachment-large size-large wp-image-42413\" alt=\"Tabla 5 - Factores de protecci\u00f3n nominales y asignados en diferentes pa\u00edses\" loading=\"eager\" title=\"\">\t\t\t\t\t\t\t\t\t\t\t\t\t\t\t<\/div>\n\t\t\t\t<\/div>\n\t\t\t\t\t<\/div>\n\t\t<\/div>\n\t\t\t\t\t<\/div>\n\t\t<\/section>\n\t\t\t\t<section class=\"elementor-section elementor-top-section elementor-element elementor-element-41cedb3 elementor-section-stretched elementor-section-boxed elementor-section-height-default elementor-section-height-default\" data-id=\"41cedb3\" data-element_type=\"section\" data-e-type=\"section\" data-settings=\"{&quot;stretch_section&quot;:&quot;section-stretched&quot;,&quot;jet_parallax_layout_list&quot;:[]}\">\n\t\t\t\t\t\t<div class=\"elementor-container elementor-column-gap-default\">\n\t\t\t\t\t<div class=\"elementor-column elementor-col-100 elementor-top-column elementor-element elementor-element-510c5b4\" data-id=\"510c5b4\" data-element_type=\"column\" data-e-type=\"column\">\n\t\t\t<div class=\"elementor-widget-wrap elementor-element-populated\">\n\t\t\t\t\t\t<div class=\"elementor-element elementor-element-c5f501c elementor-widget elementor-widget-text-editor\" data-id=\"c5f501c\" data-element_type=\"widget\" data-e-type=\"widget\" data-widget_type=\"text-editor.default\">\n\t\t\t\t<div class=\"elementor-widget-container\">\n\t\t\t\t\t\t\t\t\t<p><span style=\"font-family: 'Segoe UI',sans-serif;\"><strong>Plus la valeur est \u00e9lev\u00e9e, plus le niveau de protection est important<\/strong>. Un facteur de protection nominal de 4 signifie que l\u2019\u00e9quipement de protection respiratoire prot\u00e8ge l\u2019op\u00e9rateur dans des zones o\u00f9 la concentration de contaminants ne d\u00e9passe pas quatre fois la limite maximale autoris\u00e9e. \u00c0 l\u2019inverse, <strong>un facteur de protection nominal de 2000 indique que l\u2019\u00e9quipement peut \u00eatre utilis\u00e9 dans des environnements o\u00f9 le niveau de contamination atteint jusqu\u2019\u00e0 2000 fois la limite maximale admissible sans risque.<\/strong> <\/span><\/p><p style=\"text-align: justify; margin: 15.0pt 0cm 15.0pt 0cm;\"><span style=\"font-family: 'Segoe UI',sans-serif;\">Sur la base de ces \u00e9l\u00e9ments, <strong>nous pouvons d\u00e9finir une s\u00e9rie d\u2019\u00e9quipements de protection respiratoire capables de garantir une protection totale contre la silice.<\/strong><\/span><\/p><p style=\"text-align: justify; margin: 15.0pt 0cm 15.0pt 0cm;\"><span style=\"font-family: 'Segoe UI',sans-serif;\">Avec le facteur de protection nominal le plus \u00e9lev\u00e9 \u2013 classe TM3 selon la norme EN 12942 (FPN : 2000) \u2013 Dacar propose des <a href=\"https:\/\/dacarcomercial.com\/fr\/categorias-productos\/protection-respiratoire\/sts-shigematsu-2\/masques-faciaux-et-demi-masques-motorise-synchro\/\">masques complets et des demi-masques avec ventilation assist\u00e9e int\u00e9gr\u00e9e<\/a> de la gamme Synchro, disponibles en mod\u00e8les <a href=\"https:\/\/dacarcomercial.com\/fr\/producto\/masque-facial-motorise-sync01vp3\/\">Sync01<\/a>, <a href=\"https:\/\/dacarcomercial.com\/fr\/producto\/masque-facial-motorise-sync09vp3\/\">Sync09 <\/a>et <a href=\"https:\/\/dacarcomercial.com\/fr\/producto\/demi-masque-facial-motorise-sync11vp3\/\" target=\"_blank\" rel=\"noopener\">Sync11<\/a>.<\/span><\/p><p><span style=\"font-family: 'Segoe UI',sans-serif;\">Il existe toutefois d\u2019autres alternatives tr\u00e8s pertinentes, comme les syst\u00e8mes \u00e0 ventilation assist\u00e9e CleanAIR, qui offrent un facteur de protection nominal de 500 selon la norme EN 12941 en classe TH3. Nous pouvons notamment recommander l\u2019ensemble <a href=\"https:\/\/dacarcomercial.com\/fr\/categorias-productos\/masques-de-soudage-avec-apport-dair\/cleanair-2\/packs-cleanair-fr\/\">Ready 2 Work CleanAIR AerGO &amp; UniMask<\/a>. <\/span><\/p>\t\t\t\t\t\t\t\t<\/div>\n\t\t\t\t<\/div>\n\t\t\t\t\t<\/div>\n\t\t<\/div>\n\t\t\t\t\t<\/div>\n\t\t<\/section>\n\t\t\t\t<section class=\"elementor-section elementor-top-section elementor-element elementor-element-162cd2b elementor-section-stretched elementor-section-boxed elementor-section-height-default elementor-section-height-default\" data-id=\"162cd2b\" data-element_type=\"section\" data-e-type=\"section\" data-settings=\"{&quot;jet_parallax_layout_list&quot;:[],&quot;stretch_section&quot;:&quot;section-stretched&quot;}\">\n\t\t\t\t\t\t<div class=\"elementor-container elementor-column-gap-default\">\n\t\t\t\t\t<div class=\"elementor-column elementor-col-50 elementor-top-column elementor-element elementor-element-ba798fb\" data-id=\"ba798fb\" data-element_type=\"column\" data-e-type=\"column\">\n\t\t\t<div class=\"elementor-widget-wrap elementor-element-populated\">\n\t\t\t\t\t\t<div class=\"elementor-element elementor-element-61561a0 elementor-widget elementor-widget-image\" data-id=\"61561a0\" data-element_type=\"widget\" data-e-type=\"widget\" data-widget_type=\"image.default\">\n\t\t\t\t<div class=\"elementor-widget-container\">\n\t\t\t\t\t\t\t\t\t\t\t\t\t\t\t<img decoding=\"async\" width=\"1080\" height=\"1080\" src=\"https:\/\/dacarcomercial.com\/wp-content\/uploads\/2023\/03\/shigematsu.png\" class=\"attachment-large size-large wp-image-42356\" alt=\"\" srcset=\"https:\/\/dacarcomercial.com\/wp-content\/uploads\/2023\/03\/shigematsu.png 1080w, https:\/\/dacarcomercial.com\/wp-content\/uploads\/2023\/03\/shigematsu-150x150.png 150w, https:\/\/dacarcomercial.com\/wp-content\/uploads\/2023\/03\/shigematsu-768x768.png 768w, https:\/\/dacarcomercial.com\/wp-content\/uploads\/2023\/03\/shigematsu-600x600.png 600w, https:\/\/dacarcomercial.com\/wp-content\/uploads\/2023\/03\/shigematsu-100x100.png 100w\" sizes=\"(max-width: 1080px) 100vw, 1080px\" loading=\"eager\" title=\"\">\t\t\t\t\t\t\t\t\t\t\t\t\t\t\t<\/div>\n\t\t\t\t<\/div>\n\t\t\t\t<div class=\"elementor-element elementor-element-e30c9fe elementor-align-center elementor-widget elementor-widget-button\" data-id=\"e30c9fe\" data-element_type=\"widget\" data-e-type=\"widget\" data-widget_type=\"button.default\">\n\t\t\t\t<div class=\"elementor-widget-container\">\n\t\t\t\t\t\t\t\t\t<div class=\"elementor-button-wrapper\">\n\t\t\t\t\t<a class=\"elementor-button elementor-button-link elementor-size-sm\" href=\"https:\/\/dacarcomercial.com\/fr\/categorias-productos\/protection-respiratoire\/sts-shigematsu-2\/masques-faciaux-et-demi-masques-motorise-synchro\/\" target=\"_blank\">\n\t\t\t\t\t\t<span class=\"elementor-button-content-wrapper\">\n\t\t\t\t\t\t\t\t\t<span class=\"elementor-button-text\">GAMA SYNCHRO<\/span>\n\t\t\t\t\t<\/span>\n\t\t\t\t\t<\/a>\n\t\t\t\t<\/div>\n\t\t\t\t\t\t\t\t<\/div>\n\t\t\t\t<\/div>\n\t\t\t\t\t<\/div>\n\t\t<\/div>\n\t\t\t\t<div class=\"elementor-column elementor-col-50 elementor-top-column elementor-element elementor-element-05da9e0\" data-id=\"05da9e0\" data-element_type=\"column\" data-e-type=\"column\">\n\t\t\t<div class=\"elementor-widget-wrap elementor-element-populated\">\n\t\t\t\t\t\t<div class=\"elementor-element elementor-element-01fa278 elementor-widget elementor-widget-image\" data-id=\"01fa278\" data-element_type=\"widget\" data-e-type=\"widget\" data-widget_type=\"image.default\">\n\t\t\t\t<div class=\"elementor-widget-container\">\n\t\t\t\t\t\t\t\t\t\t\t\t\t\t\t\t<a href=\"https:\/\/dacarcomercial.com\/fr\/categorias-productos\/masques-de-soudage-avec-apport-dair\/cleanair-2\/\" target=\"_blank\">\n\t\t\t\t\t\t\t<img decoding=\"async\" width=\"1080\" height=\"1080\" src=\"https:\/\/dacarcomercial.com\/wp-content\/uploads\/2023\/03\/Cleanair-1.png\" class=\"attachment-large size-large wp-image-42362\" alt=\"\" srcset=\"https:\/\/dacarcomercial.com\/wp-content\/uploads\/2023\/03\/Cleanair-1.png 1080w, https:\/\/dacarcomercial.com\/wp-content\/uploads\/2023\/03\/Cleanair-1-150x150.png 150w, https:\/\/dacarcomercial.com\/wp-content\/uploads\/2023\/03\/Cleanair-1-768x768.png 768w, https:\/\/dacarcomercial.com\/wp-content\/uploads\/2023\/03\/Cleanair-1-600x600.png 600w, https:\/\/dacarcomercial.com\/wp-content\/uploads\/2023\/03\/Cleanair-1-100x100.png 100w\" sizes=\"(max-width: 1080px) 100vw, 1080px\" loading=\"eager\" title=\"\">\t\t\t\t\t\t\t\t<\/a>\n\t\t\t\t\t\t\t\t\t\t\t\t\t\t\t<\/div>\n\t\t\t\t<\/div>\n\t\t\t\t<div class=\"elementor-element elementor-element-db0bf25 elementor-align-center elementor-widget elementor-widget-button\" data-id=\"db0bf25\" data-element_type=\"widget\" data-e-type=\"widget\" data-widget_type=\"button.default\">\n\t\t\t\t<div class=\"elementor-widget-container\">\n\t\t\t\t\t\t\t\t\t<div class=\"elementor-button-wrapper\">\n\t\t\t\t\t<a class=\"elementor-button elementor-button-link elementor-size-sm\" href=\"https:\/\/dacarcomercial.com\/fr\/categorias-productos\/masques-de-soudage-avec-apport-dair\/cleanair-2\/\" target=\"_blank\">\n\t\t\t\t\t\t<span class=\"elementor-button-content-wrapper\">\n\t\t\t\t\t\t\t\t\t<span class=\"elementor-button-text\">CLEANAIR<\/span>\n\t\t\t\t\t<\/span>\n\t\t\t\t\t<\/a>\n\t\t\t\t<\/div>\n\t\t\t\t\t\t\t\t<\/div>\n\t\t\t\t<\/div>\n\t\t\t\t\t<\/div>\n\t\t<\/div>\n\t\t\t\t\t<\/div>\n\t\t<\/section>\n\t\t\t\t<section class=\"elementor-section elementor-top-section elementor-element elementor-element-e3e4504 elementor-section-stretched elementor-section-boxed elementor-section-height-default elementor-section-height-default\" data-id=\"e3e4504\" data-element_type=\"section\" data-e-type=\"section\" data-settings=\"{&quot;jet_parallax_layout_list&quot;:[],&quot;stretch_section&quot;:&quot;section-stretched&quot;}\">\n\t\t\t\t\t\t<div class=\"elementor-container elementor-column-gap-default\">\n\t\t\t\t\t<div class=\"elementor-column elementor-col-100 elementor-top-column elementor-element elementor-element-1a22b85\" data-id=\"1a22b85\" data-element_type=\"column\" data-e-type=\"column\">\n\t\t\t<div class=\"elementor-widget-wrap elementor-element-populated\">\n\t\t\t\t\t\t<div class=\"elementor-element elementor-element-b67bfc3 elementor-widget elementor-widget-text-editor\" data-id=\"b67bfc3\" data-element_type=\"widget\" data-e-type=\"widget\" data-widget_type=\"text-editor.default\">\n\t\t\t\t<div class=\"elementor-widget-container\">\n\t\t\t\t\t\t\t\t\t<p style=\"text-align: justify; margin: 15.0pt 0cm 15.0pt 0cm;\"><span style=\"font-family: 'Segoe UI',sans-serif;\">Outre la mise en place d\u2019\u00e9quipements de protection respiratoire adapt\u00e9s, <strong>il est essentiel que les entreprises fournissent \u00e0 leurs travailleurs une formation et une sensibilisation appropri\u00e9es en mati\u00e8re de protection respiratoire et d\u2019autres mesures de pr\u00e9vention des risques professionnels<\/strong>. Il est \u00e9galement n\u00e9cessaire de mettre en place des dispositifs de suivi afin de garantir le respect des r\u00e9glementations et de prendre les mesures n\u00e9cessaires pour prot\u00e9ger la sant\u00e9 et la s\u00e9curit\u00e9 des travailleurs. <\/span><\/p><p style=\"text-align: justify; margin: 15.0pt 0cm 0cm 0cm;\"><span style=\"font-family: 'Segoe UI',sans-serif;\"><strong>En conclusion<\/strong>, l\u2019affaire Cosentino est un triste rappel <strong>des dangers li\u00e9s \u00e0 l\u2019exposition \u00e0 la silice cristalline et de l\u2019importance d\u2019une protection respiratoire adapt\u00e9e sur le lieu de travail<\/strong>. Il est indispensable que les employeurs prennent des mesures pour prot\u00e9ger leurs travailleurs et que des r\u00e9glementations efficaces soient mises en place afin de garantir une protection respiratoire dans toutes les activit\u00e9s susceptibles d\u2019impliquer une exposition \u00e0 ce mat\u00e9riau dangereux. La sant\u00e9 des travailleurs doit \u00eatre la priorit\u00e9 absolue sur tout lieu de travail, et la pr\u00e9vention de la silicose en est un \u00e9l\u00e9ment essentiel.  <\/span><\/p><p style=\"text-align: justify; margin: 15.0pt 0cm 0cm 0cm;\"><em><span style=\"font-family: 'Segoe UI',sans-serif;\">Nous vous fournissons deux liens vers des articles li\u00e9s \u00e0 l\u2019affaire Cosentino :<\/span><\/em><\/p><p style=\"text-align: justify; margin: 15.0pt 0cm 0cm 0cm;\"><a href=\"https:\/\/elpais.com\/economia\/2023-02-14\/el-caso-cosentino-a-pesar-de-la-mascarilla-salias-con-la-nariz-blanca-y-aliento-a-disolvente.html\" target=\"_blank\" rel=\"nofollow noopener\"><strong><span style=\"font-family: 'Segoe UI',sans-serif;\">Article du journal El Pa\u00eds<\/span><\/strong><\/a><\/p><p style=\"text-align: justify; margin: 15.0pt 0cm 0cm 0cm;\"><a href=\"https:\/\/www.reuters.com\/business\/owner-spains-cosentino-admits-concealing-cause-silicosis-1900-workers-2023-02-07\/\" target=\"_blank\" rel=\"nofollow noopener\"><strong><span style=\"font-family: 'Segoe UI',sans-serif;\">Article de Reuters<\/span><\/strong><\/a><\/p>\t\t\t\t\t\t\t\t<\/div>\n\t\t\t\t<\/div>\n\t\t\t\t\t<\/div>\n\t\t<\/div>\n\t\t\t\t\t<\/div>\n\t\t<\/section>\n\t\t\t\t<\/div>\n\t\t","protected":false},"excerpt":{"rendered":"<p>Qu\u2019est-ce que la silicose? La silicose est une maladie incurable qui affecte les poumons des personnes qui inhalent des particules de silice cristalline. L\u2019exposition \u00e0 ce mat\u00e9riau est fr\u00e9quente dans de nombreux environnements de travail, notamment dans les secteurs de la construction, de l\u2019exploitation mini\u00e8re et de l\u2019industrie manufacturi\u00e8re. R\u00e9cemment, l\u2019affaire Cosentino a mis en [&hellip;]<\/p>\n","protected":false},"author":4,"featured_media":52143,"comment_status":"closed","ping_status":"closed","sticky":false,"template":"","format":"standard","meta":{"site-sidebar-layout":"default","site-content-layout":"default","ast-site-content-layout":"default","site-content-style":"default","site-sidebar-style":"default","ast-global-header-display":"","ast-banner-title-visibility":"","ast-main-header-display":"","ast-hfb-above-header-display":"","ast-hfb-below-header-display":"","ast-hfb-mobile-header-display":"","site-post-title":"","ast-breadcrumbs-content":"","ast-featured-img":"","footer-sml-layout":"","ast-disable-related-posts":"","theme-transparent-header-meta":"default","adv-header-id-meta":"","stick-header-meta":"default","header-above-stick-meta":"","header-main-stick-meta":"","header-below-stick-meta":"","astra-migrate-meta-layouts":"default","ast-page-background-enabled":"default","ast-page-background-meta":{"desktop":{"background-color":"","background-image":"","background-repeat":"repeat","background-position":"center center","background-size":"auto","background-attachment":"scroll","background-type":"","background-media":"","overlay-type":"","overlay-color":"","overlay-opacity":"","overlay-gradient":""},"tablet":{"background-color":"","background-image":"","background-repeat":"repeat","background-position":"center center","background-size":"auto","background-attachment":"scroll","background-type":"","background-media":"","overlay-type":"","overlay-color":"","overlay-opacity":"","overlay-gradient":""},"mobile":{"background-color":"","background-image":"","background-repeat":"repeat","background-position":"center center","background-size":"auto","background-attachment":"scroll","background-type":"","background-media":"","overlay-type":"","overlay-color":"","overlay-opacity":"","overlay-gradient":""}},"ast-content-background-meta":{"desktop":{"background-color":"var(--ast-global-color-5)","background-image":"","background-repeat":"repeat","background-position":"center center","background-size":"auto","background-attachment":"scroll","background-type":"","background-media":"","overlay-type":"","overlay-color":"","overlay-opacity":"","overlay-gradient":""},"tablet":{"background-color":"var(--ast-global-color-5)","background-image":"","background-repeat":"repeat","background-position":"center center","background-size":"auto","background-attachment":"scroll","background-type":"","background-media":"","overlay-type":"","overlay-color":"","overlay-opacity":"","overlay-gradient":""},"mobile":{"background-color":"var(--ast-global-color-5)","background-image":"","background-repeat":"repeat","background-position":"center center","background-size":"auto","background-attachment":"scroll","background-type":"","background-media":"","overlay-type":"","overlay-color":"","overlay-opacity":"","overlay-gradient":""}},"footnotes":""},"categories":[1240],"tags":[],"class_list":["post-55737","post","type-post","status-publish","format-standard","has-post-thumbnail","hentry","category-informations"],"_links":{"self":[{"href":"https:\/\/dacarcomercial.com\/fr\/wp-json\/wp\/v2\/posts\/55737","targetHints":{"allow":["GET"]}}],"collection":[{"href":"https:\/\/dacarcomercial.com\/fr\/wp-json\/wp\/v2\/posts"}],"about":[{"href":"https:\/\/dacarcomercial.com\/fr\/wp-json\/wp\/v2\/types\/post"}],"author":[{"embeddable":true,"href":"https:\/\/dacarcomercial.com\/fr\/wp-json\/wp\/v2\/users\/4"}],"replies":[{"embeddable":true,"href":"https:\/\/dacarcomercial.com\/fr\/wp-json\/wp\/v2\/comments?post=55737"}],"version-history":[{"count":1,"href":"https:\/\/dacarcomercial.com\/fr\/wp-json\/wp\/v2\/posts\/55737\/revisions"}],"predecessor-version":[{"id":55738,"href":"https:\/\/dacarcomercial.com\/fr\/wp-json\/wp\/v2\/posts\/55737\/revisions\/55738"}],"wp:featuredmedia":[{"embeddable":true,"href":"https:\/\/dacarcomercial.com\/fr\/wp-json\/wp\/v2\/media\/52143"}],"wp:attachment":[{"href":"https:\/\/dacarcomercial.com\/fr\/wp-json\/wp\/v2\/media?parent=55737"}],"wp:term":[{"taxonomy":"category","embeddable":true,"href":"https:\/\/dacarcomercial.com\/fr\/wp-json\/wp\/v2\/categories?post=55737"},{"taxonomy":"post_tag","embeddable":true,"href":"https:\/\/dacarcomercial.com\/fr\/wp-json\/wp\/v2\/tags?post=55737"}],"curies":[{"name":"wp","href":"https:\/\/api.w.org\/{rel}","templated":true}]}}